{"id":887,"date":"2021-01-28T11:33:21","date_gmt":"2021-01-28T10:33:21","guid":{"rendered":"https:\/\/kg-koblenz.gdpbundespolizeikoblenz.de\/?p=887"},"modified":"2021-01-28T18:23:58","modified_gmt":"2021-01-28T17:23:58","slug":"gdp-vize-dietmar-schilff-zur-urteilsverkuendung-im-luebcke-prozess-grosse-gefahren-durch-rechtsextremistische-kraefte-hierzulande","status":"publish","type":"post","link":"https:\/\/kg-koblenz.gdpbundespolizeikoblenz.de\/?p=887","title":{"rendered":"GdP-Vize Dietmar Schilff zur Urteilsverk\u00fcndung im L\u00fcbcke-Prozess &#8212; Gro\u00dfe Gefahren durch rechtsextremistische Kr\u00e4fte hierzulande &#8212;"},"content":{"rendered":"<p>GdP-Vize Dietmar Schilff zur Urteilsverk\u00fcndung im L\u00fcbcke-Prozess &#8212; Gro\u00dfe Gefahren durch rechtsextremistische Kr\u00e4fte hierzulande &#8211;&#013;<br \/>\n\u201eDas Urteil gegen den M\u00f6rder des Kasseler Regierungspr\u00e4sidenten Walter L\u00fcbcke ist in seiner Tragweite gerechtfertigt. Es stellt das Ende eines Prozesses dar, der nicht nur die verbrecherische Tat des Verurteilten feststellte, sondern vor allem verdeutlichte, dass von rechtsextremistischen Kr\u00e4ften hierzulande gro\u00dfe Gefahren ausgehen. Damit ist diese Entwicklung keineswegs gestoppt. Die Sicherheitsbeh\u00f6rden m\u00fcssen personell, technisch und rechtlich in die Lage versetzt werden, gewaltbereite, rechtsextremistische Gef\u00e4hrder zu identifizieren. Die Politik muss weiter hart daran arbeiten, r\u00fcckw\u00e4rtsgewandten Parteien keinen parlamentarischen Raum zu lassen. Unsere Gesellschaft muss weiter hart daran arbeiten, braune Einfl\u00fcsterer in die Schranken zu weisen. Jede und jeder kann mit ihrem und seinem unersch\u00fctterlichem Bekenntnis zur Demokratie, einen wesentlichen Beitrag f\u00fcr ein Leben ohne Hass und Hetze in unserem Land leisten.\u201c&#013;<br \/>\n<a href=\"https:\/\/www.gdp.de\/gdp\/gdp.nsf\/ID\/F45C04FC2255D0C4C125866B00347721?Open\" target=\"_blank\" rel=\"noopener\">GdP-Vize Dietmar Schilff zur Urteilsverk\u00fcndung im L\u00fcbcke-Prozess &#8212; Gro\u00dfe Gefahren durch rechtsextremistische Kr\u00e4fte hierzulande &#8212;<\/a>&#013;<\/p>\n","protected":false},"excerpt":{"rendered":"<p>GdP-Vize Dietmar Schilff zur Urteilsverk\u00fcndung im L\u00fcbcke-Prozess &#8212; Gro\u00dfe Gefahren durch rechtsextremistische Kr\u00e4fte hierzulande &#8211;&#013; \u201eDas Urteil gegen den M\u00f6rder des Kasseler Regierungspr\u00e4sidenten Walter L\u00fcbcke ist in seiner Tragweite gerechtfertigt. Es stellt das Ende eines Prozesses dar, der nicht nur <a class=\"more-link\" href=\"https:\/\/kg-koblenz.gdpbundespolizeikoblenz.de\/?p=887\">Continue Reading<span class=\"screen-reader-text\">GdP-Vize Dietmar Schilff zur Urteilsverk\u00fcndung im L\u00fcbcke-Prozess &#8212; Gro\u00dfe Gefahren durch rechtsextremistische Kr\u00e4fte hierzulande &#8212;<\/span><span class=\"meta-nav\">&rarr;<\/span><\/a><\/p>\n","protected":false},"author":0,"featured_media":0,"comment_status":"false","ping_status":"closed","sticky":false,"template":"","format":"standard","meta":{"footnotes":""},"categories":[39],"tags":[19],"class_list":["post-887","post","type-post","status-publish","format-standard","hentry","category-gdp-news","tag-familienkalender"],"_links":{"self":[{"href":"https:\/\/kg-koblenz.gdpbundespolizeikoblenz.de\/index.php?rest_route=\/wp\/v2\/posts\/887","targetHints":{"allow":["GET"]}}],"collection":[{"href":"https:\/\/kg-koblenz.gdpbundespolizeikoblenz.de\/index.php?rest_route=\/wp\/v2\/posts"}],"about":[{"href":"https:\/\/kg-koblenz.gdpbundespolizeikoblenz.de\/index.php?rest_route=\/wp\/v2\/types\/post"}],"replies":[{"embeddable":true,"href":"https:\/\/kg-koblenz.gdpbundespolizeikoblenz.de\/index.php?rest_route=%2Fwp%2Fv2%2Fcomments&post=887"}],"version-history":[{"count":1,"href":"https:\/\/kg-koblenz.gdpbundespolizeikoblenz.de\/index.php?rest_route=\/wp\/v2\/posts\/887\/revisions"}],"predecessor-version":[{"id":888,"href":"https:\/\/kg-koblenz.gdpbundespolizeikoblenz.de\/index.php?rest_route=\/wp\/v2\/posts\/887\/revisions\/888"}],"wp:attachment":[{"href":"https:\/\/kg-koblenz.gdpbundespolizeikoblenz.de\/index.php?rest_route=%2Fwp%2Fv2%2Fmedia&parent=887"}],"wp:term":[{"taxonomy":"category","embeddable":true,"href":"https:\/\/kg-koblenz.gdpbundespolizeikoblenz.de\/index.php?rest_route=%2Fwp%2Fv2%2Fcategories&post=887"},{"taxonomy":"post_tag","embeddable":true,"href":"https:\/\/kg-koblenz.gdpbundespolizeikoblenz.de\/index.php?rest_route=%2Fwp%2Fv2%2Ftags&post=887"}],"curies":[{"name":"wp","href":"https:\/\/api.w.org\/{rel}","templated":true}]}}