{"id":847,"date":"2020-11-24T09:41:50","date_gmt":"2020-11-24T08:41:50","guid":{"rendered":"https:\/\/kg-koblenz.gdpbundespolizeikoblenz.de\/?p=847"},"modified":"2020-11-27T06:05:32","modified_gmt":"2020-11-27T05:05:32","slug":"gdp-zum-internationalen-tag-zur-beseitigung-von-gewalt-gegen-frauen-bundesfrauenvorsitzende-befuerchtet-massiven-anstieg-haeuslicher-gewalt-in-corona-zeiten","status":"publish","type":"post","link":"https:\/\/kg-koblenz.gdpbundespolizeikoblenz.de\/?p=847","title":{"rendered":"GdP zum internationalen Tag zur Beseitigung von Gewalt gegen Frauen &#8212; Bundesfrauenvorsitzende bef\u00fcrchtet massiven Anstieg h\u00e4uslicher Gewalt in Corona-Zeiten &#8212;"},"content":{"rendered":"<p>GdP zum internationalen Tag zur Beseitigung von Gewalt gegen Frauen &#8212; Bundesfrauenvorsitzende bef\u00fcrchtet massiven Anstieg h\u00e4uslicher Gewalt in Corona-Zeiten &#8211;&#013;<br \/>\nSchutz und Hilfe f\u00fcr alle Opfer h\u00e4uslicher Gewalt \u2013 diesen Rechtsanspruch fordert die Frauengruppe (Bund) der Gewerkschaft der Polizei (GdP) anl\u00e4sslich des Internationalen Tages zur Beseitigung von Gewalt gegen Frauen am morgigen Mittwoch. \u201eH\u00e4usliche Gewalt ist keine Privatsache, sondern es geht um Straftaten\u201c, betonte GdP-Bundesfrauenvorsitzende Erika Krause-Sch\u00f6ne. Die vorliegenden Zahlen seien alarmierend: Jede dritte Frau in Deutschland ist mindestens einmal in ihrem Leben von physischer und\/oder sexualisierter Gewalt betroffen. Etwa jede vierte Frau wird demnach mindestens einmal Opfer k\u00f6rperlicher oder sexueller Gewalt durch ihren aktuellen oder fr\u00fcheren Partner. Dabei handele es sich um Frauen aus allen Bev\u00f6lkerungsteilen, sagte die Polizeigewerkschafterin am Dienstag in Berlin.&#013;<br \/>\n<a href=\"https:\/\/www.gdp.de\/gdp\/gdp.nsf\/ID\/082770645EADADF0C125862A002A4277?Open\" target=\"_blank\" rel=\"noopener noreferrer\">GdP zum internationalen Tag zur Beseitigung von Gewalt gegen Frauen &#8212; Bundesfrauenvorsitzende bef\u00fcrchtet massiven Anstieg h\u00e4uslicher Gewalt in Corona-Zeiten &#8212;<\/a>&#013;<\/p>\n","protected":false},"excerpt":{"rendered":"<p>GdP zum internationalen Tag zur Beseitigung von Gewalt gegen Frauen &#8212; Bundesfrauenvorsitzende bef\u00fcrchtet massiven Anstieg h\u00e4uslicher Gewalt in Corona-Zeiten &#8211;&#013; Schutz und Hilfe f\u00fcr alle Opfer h\u00e4uslicher Gewalt \u2013 diesen Rechtsanspruch fordert die Frauengruppe (Bund) der Gewerkschaft der Polizei (GdP) <a class=\"more-link\" href=\"https:\/\/kg-koblenz.gdpbundespolizeikoblenz.de\/?p=847\">Continue Reading<span class=\"screen-reader-text\">GdP zum internationalen Tag zur Beseitigung von Gewalt gegen Frauen &#8212; Bundesfrauenvorsitzende bef\u00fcrchtet massiven Anstieg h\u00e4uslicher Gewalt in Corona-Zeiten &#8212;<\/span><span class=\"meta-nav\">&rarr;<\/span><\/a><\/p>\n","protected":false},"author":0,"featured_media":0,"comment_status":"false","ping_status":"closed","sticky":false,"template":"","format":"standard","meta":{"footnotes":""},"categories":[39],"tags":[19],"class_list":["post-847","post","type-post","status-publish","format-standard","hentry","category-gdp-news","tag-familienkalender"],"_links":{"self":[{"href":"https:\/\/kg-koblenz.gdpbundespolizeikoblenz.de\/index.php?rest_route=\/wp\/v2\/posts\/847","targetHints":{"allow":["GET"]}}],"collection":[{"href":"https:\/\/kg-koblenz.gdpbundespolizeikoblenz.de\/index.php?rest_route=\/wp\/v2\/posts"}],"about":[{"href":"https:\/\/kg-koblenz.gdpbundespolizeikoblenz.de\/index.php?rest_route=\/wp\/v2\/types\/post"}],"replies":[{"embeddable":true,"href":"https:\/\/kg-koblenz.gdpbundespolizeikoblenz.de\/index.php?rest_route=%2Fwp%2Fv2%2Fcomments&post=847"}],"version-history":[{"count":1,"href":"https:\/\/kg-koblenz.gdpbundespolizeikoblenz.de\/index.php?rest_route=\/wp\/v2\/posts\/847\/revisions"}],"predecessor-version":[{"id":848,"href":"https:\/\/kg-koblenz.gdpbundespolizeikoblenz.de\/index.php?rest_route=\/wp\/v2\/posts\/847\/revisions\/848"}],"wp:attachment":[{"href":"https:\/\/kg-koblenz.gdpbundespolizeikoblenz.de\/index.php?rest_route=%2Fwp%2Fv2%2Fmedia&parent=847"}],"wp:term":[{"taxonomy":"category","embeddable":true,"href":"https:\/\/kg-koblenz.gdpbundespolizeikoblenz.de\/index.php?rest_route=%2Fwp%2Fv2%2Fcategories&post=847"},{"taxonomy":"post_tag","embeddable":true,"href":"https:\/\/kg-koblenz.gdpbundespolizeikoblenz.de\/index.php?rest_route=%2Fwp%2Fv2%2Ftags&post=847"}],"curies":[{"name":"wp","href":"https:\/\/api.w.org\/{rel}","templated":true}]}}