{"id":831,"date":"2020-11-06T15:21:43","date_gmt":"2020-11-06T14:21:43","guid":{"rendered":"https:\/\/kg-koblenz.gdpbundespolizeikoblenz.de\/?p=831"},"modified":"2020-11-12T17:58:13","modified_gmt":"2020-11-12T16:58:13","slug":"dgb-initiative-vergiss-nie-hier-arbeitet-ein-mensch-gewalt-gegen-beschaeftigte-melden-sie-einen-vorfall","status":"publish","type":"post","link":"https:\/\/kg-koblenz.gdpbundespolizeikoblenz.de\/?p=831","title":{"rendered":"DGB-INITIATIVE &#8222;VERGISS NIE, HIER ARBEITET EIN MENSCH&#8220; &#8212; Gewalt gegen Besch\u00e4ftigte &#8211; Melden Sie einen Vorfall &#8212;"},"content":{"rendered":"<p>DGB-INITIATIVE \u201eVERGISS NIE, HIER ARBEITET EIN MENSCH\u201c &#8212; Gewalt gegen Besch\u00e4ftigte &#8211; Melden Sie einen Vorfall &#8211;&#013;<br \/>\nSie haben erfahren, dass in ihrer Stadt, ihrer Gemeinde &#8211; vielleicht sogar im n\u00e4chsten Umfeld &#8211; \u00f6ffentliche Besch\u00e4ftigte bedroht, verletzt, angegriffen wurden. Oder dass Dienstfahrzeuge mutwillig besch\u00e4digt wurden.<br \/>\nMelden Sie uns diese Vorf\u00e4lle, wir sammeln Sie auf unserer Karte.&#013;<br \/>\n<a href=\"https:\/\/www.gdp.de\/gdp\/gdp.nsf\/ID\/874815BFE0A9BAD5C125861800495DC1?Open\" target=\"_blank\" rel=\"noopener noreferrer\">DGB-INITIATIVE \u201eVERGISS NIE, HIER ARBEITET EIN MENSCH\u201c &#8212; Gewalt gegen Besch\u00e4ftigte &#8211; Melden Sie einen Vorfall &#8212;<\/a>&#013;<\/p>\n","protected":false},"excerpt":{"rendered":"<p>DGB-INITIATIVE \u201eVERGISS NIE, HIER ARBEITET EIN MENSCH\u201c &#8212; Gewalt gegen Besch\u00e4ftigte &#8211; Melden Sie einen Vorfall &#8211;&#013; Sie haben erfahren, dass in ihrer Stadt, ihrer Gemeinde &#8211; vielleicht sogar im n\u00e4chsten Umfeld &#8211; \u00f6ffentliche Besch\u00e4ftigte bedroht, verletzt, angegriffen wurden. Oder <a class=\"more-link\" href=\"https:\/\/kg-koblenz.gdpbundespolizeikoblenz.de\/?p=831\">Continue Reading<span class=\"screen-reader-text\">DGB-INITIATIVE &#8222;VERGISS NIE, HIER ARBEITET EIN MENSCH&#8220; &#8212; Gewalt gegen Besch\u00e4ftigte &#8211; Melden Sie einen Vorfall &#8212;<\/span><span class=\"meta-nav\">&rarr;<\/span><\/a><\/p>\n","protected":false},"author":0,"featured_media":0,"comment_status":"false","ping_status":"closed","sticky":false,"template":"","format":"standard","meta":{"footnotes":""},"categories":[39],"tags":[19],"class_list":["post-831","post","type-post","status-publish","format-standard","hentry","category-gdp-news","tag-familienkalender"],"_links":{"self":[{"href":"https:\/\/kg-koblenz.gdpbundespolizeikoblenz.de\/index.php?rest_route=\/wp\/v2\/posts\/831","targetHints":{"allow":["GET"]}}],"collection":[{"href":"https:\/\/kg-koblenz.gdpbundespolizeikoblenz.de\/index.php?rest_route=\/wp\/v2\/posts"}],"about":[{"href":"https:\/\/kg-koblenz.gdpbundespolizeikoblenz.de\/index.php?rest_route=\/wp\/v2\/types\/post"}],"replies":[{"embeddable":true,"href":"https:\/\/kg-koblenz.gdpbundespolizeikoblenz.de\/index.php?rest_route=%2Fwp%2Fv2%2Fcomments&post=831"}],"version-history":[{"count":1,"href":"https:\/\/kg-koblenz.gdpbundespolizeikoblenz.de\/index.php?rest_route=\/wp\/v2\/posts\/831\/revisions"}],"predecessor-version":[{"id":832,"href":"https:\/\/kg-koblenz.gdpbundespolizeikoblenz.de\/index.php?rest_route=\/wp\/v2\/posts\/831\/revisions\/832"}],"wp:attachment":[{"href":"https:\/\/kg-koblenz.gdpbundespolizeikoblenz.de\/index.php?rest_route=%2Fwp%2Fv2%2Fmedia&parent=831"}],"wp:term":[{"taxonomy":"category","embeddable":true,"href":"https:\/\/kg-koblenz.gdpbundespolizeikoblenz.de\/index.php?rest_route=%2Fwp%2Fv2%2Fcategories&post=831"},{"taxonomy":"post_tag","embeddable":true,"href":"https:\/\/kg-koblenz.gdpbundespolizeikoblenz.de\/index.php?rest_route=%2Fwp%2Fv2%2Ftags&post=831"}],"curies":[{"name":"wp","href":"https:\/\/api.w.org\/{rel}","templated":true}]}}