{"id":799,"date":"2020-10-16T08:30:11","date_gmt":"2020-10-16T06:30:11","guid":{"rendered":"https:\/\/kg-koblenz.gdpbundespolizeikoblenz.de\/?p=799"},"modified":"2020-10-17T07:06:57","modified_gmt":"2020-10-17T05:06:57","slug":"nachrichtenagentur-dpa-befragte-gdp-vize-radek-zu-bevorstehendem-atomuelltransport-wegen-corona-gewerkschaft-fuer-absage-von-castortransport","status":"publish","type":"post","link":"https:\/\/kg-koblenz.gdpbundespolizeikoblenz.de\/?p=799","title":{"rendered":"Nachrichtenagentur dpa befragte GdP-Vize Radek zu bevorstehendem Atom\u00fclltransport &#8212; Wegen Corona: Gewerkschaft f\u00fcr Absage von Castortransport &#8212;"},"content":{"rendered":"<p>Nachrichtenagentur dpa befragte GdP-Vize Radek zu bevorstehendem Atom\u00fclltransport &#8212; Wegen Corona: Gewerkschaft f\u00fcr Absage von Castortransport &#8211;&#013;<br \/>\nDie Gewerkschaft der Polizei (GdP) fordert, den geplanten Castortransport von der Wiederaufbereitungsanlage im britischen Sellafield ins s\u00fcdhessische Zwischenlager Biblis abzusagen. &#8222;Wenn nun von der Polizei erwartet wird, dass sie die Corona-Auflagen und den Gesundheitsschutz st\u00e4rker durchsetzen soll, dann ist es aus unserer Sicht nicht vereinbar, dass Anfang November ein Nukleartransport von der Polizei quer durch Deutschland begleitet werden soll&#8220;, sagte der stellvertretende GdP-Bundesvorsitzendende J\u00f6rg Radek am Freitag der Deutschen Presse-Agentur (dpa). &#8222;Daf\u00fcr gibt es keinen zwingenden Grund.&#8220; Polizeikr\u00e4fte, die dann zur Sicherung des Castortransportes im Einsatz w\u00e4ren, k\u00f6nne man nicht zeitgleich f\u00fcr den Infektionsschutz abstellen, betonte der GdP-Vize.&#013;<br \/>\n<a href=\"https:\/\/www.gdp.de\/gdp\/gdp.nsf\/ID\/9E8E7649F38486D2C12586030023B23E?Open\" target=\"_blank\" rel=\"noopener noreferrer\">Nachrichtenagentur dpa befragte GdP-Vize Radek zu bevorstehendem Atom\u00fclltransport &#8212; Wegen Corona: Gewerkschaft f\u00fcr Absage von Castortransport &#8212;<\/a>&#013;<\/p>\n","protected":false},"excerpt":{"rendered":"<p>Nachrichtenagentur dpa befragte GdP-Vize Radek zu bevorstehendem Atom\u00fclltransport &#8212; Wegen Corona: Gewerkschaft f\u00fcr Absage von Castortransport &#8211;&#013; Die Gewerkschaft der Polizei (GdP) fordert, den geplanten Castortransport von der Wiederaufbereitungsanlage im britischen Sellafield ins s\u00fcdhessische Zwischenlager Biblis abzusagen. &#8222;Wenn nun von <a class=\"more-link\" href=\"https:\/\/kg-koblenz.gdpbundespolizeikoblenz.de\/?p=799\">Continue Reading<span class=\"screen-reader-text\">Nachrichtenagentur dpa befragte GdP-Vize Radek zu bevorstehendem Atom\u00fclltransport &#8212; Wegen Corona: Gewerkschaft f\u00fcr Absage von Castortransport &#8212;<\/span><span class=\"meta-nav\">&rarr;<\/span><\/a><\/p>\n","protected":false},"author":0,"featured_media":0,"comment_status":"false","ping_status":"closed","sticky":false,"template":"","format":"standard","meta":{"footnotes":""},"categories":[39],"tags":[19],"class_list":["post-799","post","type-post","status-publish","format-standard","hentry","category-gdp-news","tag-familienkalender"],"_links":{"self":[{"href":"https:\/\/kg-koblenz.gdpbundespolizeikoblenz.de\/index.php?rest_route=\/wp\/v2\/posts\/799","targetHints":{"allow":["GET"]}}],"collection":[{"href":"https:\/\/kg-koblenz.gdpbundespolizeikoblenz.de\/index.php?rest_route=\/wp\/v2\/posts"}],"about":[{"href":"https:\/\/kg-koblenz.gdpbundespolizeikoblenz.de\/index.php?rest_route=\/wp\/v2\/types\/post"}],"replies":[{"embeddable":true,"href":"https:\/\/kg-koblenz.gdpbundespolizeikoblenz.de\/index.php?rest_route=%2Fwp%2Fv2%2Fcomments&post=799"}],"version-history":[{"count":1,"href":"https:\/\/kg-koblenz.gdpbundespolizeikoblenz.de\/index.php?rest_route=\/wp\/v2\/posts\/799\/revisions"}],"predecessor-version":[{"id":800,"href":"https:\/\/kg-koblenz.gdpbundespolizeikoblenz.de\/index.php?rest_route=\/wp\/v2\/posts\/799\/revisions\/800"}],"wp:attachment":[{"href":"https:\/\/kg-koblenz.gdpbundespolizeikoblenz.de\/index.php?rest_route=%2Fwp%2Fv2%2Fmedia&parent=799"}],"wp:term":[{"taxonomy":"category","embeddable":true,"href":"https:\/\/kg-koblenz.gdpbundespolizeikoblenz.de\/index.php?rest_route=%2Fwp%2Fv2%2Fcategories&post=799"},{"taxonomy":"post_tag","embeddable":true,"href":"https:\/\/kg-koblenz.gdpbundespolizeikoblenz.de\/index.php?rest_route=%2Fwp%2Fv2%2Ftags&post=799"}],"curies":[{"name":"wp","href":"https:\/\/api.w.org\/{rel}","templated":true}]}}