{"id":793,"date":"2020-10-07T15:40:49","date_gmt":"2020-10-07T13:40:49","guid":{"rendered":"https:\/\/kg-koblenz.gdpbundespolizeikoblenz.de\/?p=793"},"modified":"2020-10-08T19:02:48","modified_gmt":"2020-10-08T17:02:48","slug":"gdp-unterstuetzt-aktion-start-der-initiative-meinestimmegegenhass","status":"publish","type":"post","link":"https:\/\/kg-koblenz.gdpbundespolizeikoblenz.de\/?p=793","title":{"rendered":"GdP unterst\u00fctzt Aktion &#8212; Start der Initiative #MeineStimmeGegenHass &#8212;"},"content":{"rendered":"<p>GdP unterst\u00fctzt Aktion &#8212; Start der Initiative #MeineStimmeGegenHass &#8211;&#013;<br \/>\nAm 7. Oktober ist die von der Gewerkschaft der Polizei (GdP) unterst\u00fctzte Initiative #MeineStimmeGegenHass der Deutschlandstiftung Integration gestartet. Sie wird gef\u00f6rdert durch die Beauftragte der Bundesregierung f\u00fcr Migration, Fl\u00fcchtlinge und Integration, Staatsministerin Annette Widmann-Mauz und die Bundeszentrale f\u00fcr politische Bildung und vom Deutschen Fu\u00dfball-Bund aktiv unterst\u00fctzt. Der Vorsitzende des Stiftungsrates der Deutschlandstiftung  Integration, Bundespr\u00e4sident a.D. Christian Wulff, betont zum Start der Initiative erneut, wie wichtig es in unserer Gesellschaft sei, Haltung zu zeigen: \u201eDie Deutschlandstiftung Integration setzt sich seit  vielen Jahren f\u00fcr den gesellschaftlichen Zusammenhalt ein. Angesichts der steigenden Bedrohung durch den Rechtsextremismus ist es viel notwendiger, Haltung zu zeigen und die Stimme gegen Hass, Diskriminierung und Rassismus zu erheben. Mit dieser Initiative aus Politik, Sport, Medien und der Zivilgesellschaft ermutigen wir dazu, das unter #MeineStimmeGegenHass und im Alltag immer wieder aufs Neue zu tun.\u201c&#013;<br \/>\n<a href=\"https:\/\/www.gdp.de\/gdp\/gdp.nsf\/ID\/3765E5FB68CFB9C7C12585FA004B1C12?Open\" target=\"_blank\" rel=\"noopener noreferrer\">GdP unterst\u00fctzt Aktion &#8212; Start der Initiative #MeineStimmeGegenHass &#8212;<\/a>&#013;<\/p>\n","protected":false},"excerpt":{"rendered":"<p>GdP unterst\u00fctzt Aktion &#8212; Start der Initiative #MeineStimmeGegenHass &#8211;&#013; Am 7. Oktober ist die von der Gewerkschaft der Polizei (GdP) unterst\u00fctzte Initiative #MeineStimmeGegenHass der Deutschlandstiftung Integration gestartet. Sie wird gef\u00f6rdert durch die Beauftragte der Bundesregierung f\u00fcr Migration, Fl\u00fcchtlinge und Integration, <a class=\"more-link\" href=\"https:\/\/kg-koblenz.gdpbundespolizeikoblenz.de\/?p=793\">Continue Reading<span class=\"screen-reader-text\">GdP unterst\u00fctzt Aktion &#8212; Start der Initiative #MeineStimmeGegenHass &#8212;<\/span><span class=\"meta-nav\">&rarr;<\/span><\/a><\/p>\n","protected":false},"author":0,"featured_media":0,"comment_status":"false","ping_status":"closed","sticky":false,"template":"","format":"standard","meta":{"footnotes":""},"categories":[39],"tags":[19],"class_list":["post-793","post","type-post","status-publish","format-standard","hentry","category-gdp-news","tag-familienkalender"],"_links":{"self":[{"href":"https:\/\/kg-koblenz.gdpbundespolizeikoblenz.de\/index.php?rest_route=\/wp\/v2\/posts\/793","targetHints":{"allow":["GET"]}}],"collection":[{"href":"https:\/\/kg-koblenz.gdpbundespolizeikoblenz.de\/index.php?rest_route=\/wp\/v2\/posts"}],"about":[{"href":"https:\/\/kg-koblenz.gdpbundespolizeikoblenz.de\/index.php?rest_route=\/wp\/v2\/types\/post"}],"replies":[{"embeddable":true,"href":"https:\/\/kg-koblenz.gdpbundespolizeikoblenz.de\/index.php?rest_route=%2Fwp%2Fv2%2Fcomments&post=793"}],"version-history":[{"count":1,"href":"https:\/\/kg-koblenz.gdpbundespolizeikoblenz.de\/index.php?rest_route=\/wp\/v2\/posts\/793\/revisions"}],"predecessor-version":[{"id":794,"href":"https:\/\/kg-koblenz.gdpbundespolizeikoblenz.de\/index.php?rest_route=\/wp\/v2\/posts\/793\/revisions\/794"}],"wp:attachment":[{"href":"https:\/\/kg-koblenz.gdpbundespolizeikoblenz.de\/index.php?rest_route=%2Fwp%2Fv2%2Fmedia&parent=793"}],"wp:term":[{"taxonomy":"category","embeddable":true,"href":"https:\/\/kg-koblenz.gdpbundespolizeikoblenz.de\/index.php?rest_route=%2Fwp%2Fv2%2Fcategories&post=793"},{"taxonomy":"post_tag","embeddable":true,"href":"https:\/\/kg-koblenz.gdpbundespolizeikoblenz.de\/index.php?rest_route=%2Fwp%2Fv2%2Ftags&post=793"}],"curies":[{"name":"wp","href":"https:\/\/api.w.org\/{rel}","templated":true}]}}