{"id":596,"date":"2019-09-20T10:59:19","date_gmt":"2019-09-20T08:59:19","guid":{"rendered":"https:\/\/kg-koblenz.gdpbundespolizeikoblenz.de\/?p=596"},"modified":"2019-09-21T07:02:21","modified_gmt":"2019-09-21T05:02:21","slug":"konstruktives-gespraech-gdp-im-dialog-mit-dr-irene-mihalic","status":"publish","type":"post","link":"https:\/\/kg-koblenz.gdpbundespolizeikoblenz.de\/?p=596","title":{"rendered":"Konstruktives Gespr\u00e4ch: &#8212; GdP im Dialog mit Dr. Irene Mihalic &#8212;"},"content":{"rendered":"<p>Konstruktives Gespr\u00e4ch: &#8212; GdP im Dialog mit Dr. Irene Mihalic &#8211;&#013;<br \/>\nDer GdP-Bezirksvorsitzende J\u00f6rg Radek und sein Stellvertreter Sven H\u00fcber, zugleich Vorsitzender des GdP-Bundesfachausschusses Beamten- und Besoldungsrecht, trafen sich am heutigen Freitag (20. September 2019) zu einem Gespr\u00e4ch mit MdB Dr. Irene Mihalic (B\u00fcndnis 90\/Die Gr\u00fcnen) in Berlin.&#013;<br \/>\n<a href=\"https:\/\/www.gdp.de\/gdp\/gdpbupo.nsf\/ID\/8CA67BC7FD408E47C125847B00315852?Open\" target=\"_blank\" rel=\"noopener noreferrer\">Konstruktives Gespr\u00e4ch: &#8212; GdP im Dialog mit Dr. Irene Mihalic &#8212;<\/a>&#013;<\/p>\n","protected":false},"excerpt":{"rendered":"<p>Konstruktives Gespr\u00e4ch: &#8212; GdP im Dialog mit Dr. Irene Mihalic &#8211;&#013; Der GdP-Bezirksvorsitzende J\u00f6rg Radek und sein Stellvertreter Sven H\u00fcber, zugleich Vorsitzender des GdP-Bundesfachausschusses Beamten- und Besoldungsrecht, trafen sich am heutigen Freitag (20. September 2019) zu einem Gespr\u00e4ch mit MdB <a class=\"more-link\" href=\"https:\/\/kg-koblenz.gdpbundespolizeikoblenz.de\/?p=596\">Continue Reading<span class=\"screen-reader-text\">Konstruktives Gespr\u00e4ch: &#8212; GdP im Dialog mit Dr. Irene Mihalic &#8212;<\/span><span class=\"meta-nav\">&rarr;<\/span><\/a><\/p>\n","protected":false},"author":0,"featured_media":0,"comment_status":"false","ping_status":"closed","sticky":false,"template":"","format":"standard","meta":{"footnotes":""},"categories":[20],"tags":[19],"class_list":["post-596","post","type-post","status-publish","format-standard","hentry","category-aktuell","tag-familienkalender"],"_links":{"self":[{"href":"https:\/\/kg-koblenz.gdpbundespolizeikoblenz.de\/index.php?rest_route=\/wp\/v2\/posts\/596","targetHints":{"allow":["GET"]}}],"collection":[{"href":"https:\/\/kg-koblenz.gdpbundespolizeikoblenz.de\/index.php?rest_route=\/wp\/v2\/posts"}],"about":[{"href":"https:\/\/kg-koblenz.gdpbundespolizeikoblenz.de\/index.php?rest_route=\/wp\/v2\/types\/post"}],"replies":[{"embeddable":true,"href":"https:\/\/kg-koblenz.gdpbundespolizeikoblenz.de\/index.php?rest_route=%2Fwp%2Fv2%2Fcomments&post=596"}],"version-history":[{"count":1,"href":"https:\/\/kg-koblenz.gdpbundespolizeikoblenz.de\/index.php?rest_route=\/wp\/v2\/posts\/596\/revisions"}],"predecessor-version":[{"id":597,"href":"https:\/\/kg-koblenz.gdpbundespolizeikoblenz.de\/index.php?rest_route=\/wp\/v2\/posts\/596\/revisions\/597"}],"wp:attachment":[{"href":"https:\/\/kg-koblenz.gdpbundespolizeikoblenz.de\/index.php?rest_route=%2Fwp%2Fv2%2Fmedia&parent=596"}],"wp:term":[{"taxonomy":"category","embeddable":true,"href":"https:\/\/kg-koblenz.gdpbundespolizeikoblenz.de\/index.php?rest_route=%2Fwp%2Fv2%2Fcategories&post=596"},{"taxonomy":"post_tag","embeddable":true,"href":"https:\/\/kg-koblenz.gdpbundespolizeikoblenz.de\/index.php?rest_route=%2Fwp%2Fv2%2Ftags&post=596"}],"curies":[{"name":"wp","href":"https:\/\/api.w.org\/{rel}","templated":true}]}}