{"id":483,"date":"2019-04-30T13:10:39","date_gmt":"2019-04-30T11:10:39","guid":{"rendered":"https:\/\/kg-koblenz.gdpbundespolizeikoblenz.de\/?p=483"},"modified":"2019-04-30T19:12:56","modified_gmt":"2019-04-30T17:12:56","slug":"presse-echo-passagier-kontrollen-zurueck-in-staatshand","status":"publish","type":"post","link":"https:\/\/kg-koblenz.gdpbundespolizeikoblenz.de\/?p=483","title":{"rendered":"Presse-Echo: &#8212; Passagier-Kontrollen zur\u00fcck in Staatshand &#8212;"},"content":{"rendered":"<p>Presse-Echo: &#8212; Passagier-Kontrollen zur\u00fcck in Staatshand &#8211;&#013;<br \/>\nDie Gewerkschaft der Polizei (GdP) fordert seit Jahren, die Flughafenkontrollen wieder in die \u00f6ffentliche Hand zu legen. Die NRW-SPD unterst\u00fctzt nun diesen Vorsto\u00df und belebt mit einem Antrag an den Landtag die Debatte neu. Auf ihre Initiative hin gab es am gestrigen Montag (29. April 2019) eine gemeinsame Pressekonferenz im NRW-Landtag, zu der unser Vorstandsmitglied Arnd Krummen als Sachverst\u00e4ndiger geladen war. Dieser Termin hat ein umfangreiches Presse-Echo ausgel\u00f6st:&#013;<br \/>\n<a href=\"https:\/\/www.gdp.de\/gdp\/gdpbupo.nsf\/ID\/1668D3C434D4FBE2C12583EC003D60A7?Open\" target=\"_blank\" rel=\"noopener noreferrer\">Presse-Echo: &#8212; Passagier-Kontrollen zur\u00fcck in Staatshand &#8212;<\/a>&#013;<\/p>\n","protected":false},"excerpt":{"rendered":"<p>Presse-Echo: &#8212; Passagier-Kontrollen zur\u00fcck in Staatshand &#8211;&#013; Die Gewerkschaft der Polizei (GdP) fordert seit Jahren, die Flughafenkontrollen wieder in die \u00f6ffentliche Hand zu legen. Die NRW-SPD unterst\u00fctzt nun diesen Vorsto\u00df und belebt mit einem Antrag an den Landtag die Debatte <a class=\"more-link\" href=\"https:\/\/kg-koblenz.gdpbundespolizeikoblenz.de\/?p=483\">Continue Reading<span class=\"screen-reader-text\">Presse-Echo: &#8212; Passagier-Kontrollen zur\u00fcck in Staatshand &#8212;<\/span><span class=\"meta-nav\">&rarr;<\/span><\/a><\/p>\n","protected":false},"author":0,"featured_media":0,"comment_status":"false","ping_status":"closed","sticky":false,"template":"","format":"standard","meta":{"footnotes":""},"categories":[20],"tags":[19],"class_list":["post-483","post","type-post","status-publish","format-standard","hentry","category-aktuell","tag-familienkalender"],"_links":{"self":[{"href":"https:\/\/kg-koblenz.gdpbundespolizeikoblenz.de\/index.php?rest_route=\/wp\/v2\/posts\/483","targetHints":{"allow":["GET"]}}],"collection":[{"href":"https:\/\/kg-koblenz.gdpbundespolizeikoblenz.de\/index.php?rest_route=\/wp\/v2\/posts"}],"about":[{"href":"https:\/\/kg-koblenz.gdpbundespolizeikoblenz.de\/index.php?rest_route=\/wp\/v2\/types\/post"}],"replies":[{"embeddable":true,"href":"https:\/\/kg-koblenz.gdpbundespolizeikoblenz.de\/index.php?rest_route=%2Fwp%2Fv2%2Fcomments&post=483"}],"version-history":[{"count":1,"href":"https:\/\/kg-koblenz.gdpbundespolizeikoblenz.de\/index.php?rest_route=\/wp\/v2\/posts\/483\/revisions"}],"predecessor-version":[{"id":484,"href":"https:\/\/kg-koblenz.gdpbundespolizeikoblenz.de\/index.php?rest_route=\/wp\/v2\/posts\/483\/revisions\/484"}],"wp:attachment":[{"href":"https:\/\/kg-koblenz.gdpbundespolizeikoblenz.de\/index.php?rest_route=%2Fwp%2Fv2%2Fmedia&parent=483"}],"wp:term":[{"taxonomy":"category","embeddable":true,"href":"https:\/\/kg-koblenz.gdpbundespolizeikoblenz.de\/index.php?rest_route=%2Fwp%2Fv2%2Fcategories&post=483"},{"taxonomy":"post_tag","embeddable":true,"href":"https:\/\/kg-koblenz.gdpbundespolizeikoblenz.de\/index.php?rest_route=%2Fwp%2Fv2%2Ftags&post=483"}],"curies":[{"name":"wp","href":"https:\/\/api.w.org\/{rel}","templated":true}]}}