{"id":438,"date":"2019-03-20T12:45:46","date_gmt":"2019-03-20T11:45:46","guid":{"rendered":"https:\/\/kg-koblenz.gdpbundespolizeikoblenz.de\/?p=438"},"modified":"2019-03-21T17:56:40","modified_gmt":"2019-03-21T16:56:40","slug":"die-gdp-findet-gehoer-gefragter-gespraechspartner-der-politik","status":"publish","type":"post","link":"https:\/\/kg-koblenz.gdpbundespolizeikoblenz.de\/?p=438","title":{"rendered":"Die GdP findet Geh\u00f6r: &#8212; Gefragter Gespr\u00e4chspartner der Politik &#8212;"},"content":{"rendered":"<p>Die GdP findet Geh\u00f6r: &#8212; Gefragter Gespr\u00e4chspartner der Politik &#8211;&#013;<br \/>\nIn den vergangenen Tagen folgte unser Bezirksvorstand gleich mehrfach Einladungen der Fraktionen.&#013;<br \/>\n<a href=\"https:\/\/www.gdp.de\/gdp\/gdpbupo.nsf\/ID\/667799EE330E8099C12583C3003B0AB6?Open\" target=\"_blank\" rel=\"noopener noreferrer\">Die GdP findet Geh\u00f6r: &#8212; Gefragter Gespr\u00e4chspartner der Politik &#8212;<\/a>&#013;<\/p>\n","protected":false},"excerpt":{"rendered":"<p>Die GdP findet Geh\u00f6r: &#8212; Gefragter Gespr\u00e4chspartner der Politik &#8211;&#013; In den vergangenen Tagen folgte unser Bezirksvorstand gleich mehrfach Einladungen der Fraktionen.&#013; Die GdP findet Geh\u00f6r: &#8212; Gefragter Gespr\u00e4chspartner der Politik &#8212;&#013;<\/p>\n","protected":false},"author":0,"featured_media":0,"comment_status":"false","ping_status":"closed","sticky":false,"template":"","format":"standard","meta":{"footnotes":""},"categories":[20],"tags":[19],"class_list":["post-438","post","type-post","status-publish","format-standard","hentry","category-aktuell","tag-familienkalender"],"_links":{"self":[{"href":"https:\/\/kg-koblenz.gdpbundespolizeikoblenz.de\/index.php?rest_route=\/wp\/v2\/posts\/438","targetHints":{"allow":["GET"]}}],"collection":[{"href":"https:\/\/kg-koblenz.gdpbundespolizeikoblenz.de\/index.php?rest_route=\/wp\/v2\/posts"}],"about":[{"href":"https:\/\/kg-koblenz.gdpbundespolizeikoblenz.de\/index.php?rest_route=\/wp\/v2\/types\/post"}],"replies":[{"embeddable":true,"href":"https:\/\/kg-koblenz.gdpbundespolizeikoblenz.de\/index.php?rest_route=%2Fwp%2Fv2%2Fcomments&post=438"}],"version-history":[{"count":1,"href":"https:\/\/kg-koblenz.gdpbundespolizeikoblenz.de\/index.php?rest_route=\/wp\/v2\/posts\/438\/revisions"}],"predecessor-version":[{"id":439,"href":"https:\/\/kg-koblenz.gdpbundespolizeikoblenz.de\/index.php?rest_route=\/wp\/v2\/posts\/438\/revisions\/439"}],"wp:attachment":[{"href":"https:\/\/kg-koblenz.gdpbundespolizeikoblenz.de\/index.php?rest_route=%2Fwp%2Fv2%2Fmedia&parent=438"}],"wp:term":[{"taxonomy":"category","embeddable":true,"href":"https:\/\/kg-koblenz.gdpbundespolizeikoblenz.de\/index.php?rest_route=%2Fwp%2Fv2%2Fcategories&post=438"},{"taxonomy":"post_tag","embeddable":true,"href":"https:\/\/kg-koblenz.gdpbundespolizeikoblenz.de\/index.php?rest_route=%2Fwp%2Fv2%2Ftags&post=438"}],"curies":[{"name":"wp","href":"https:\/\/api.w.org\/{rel}","templated":true}]}}