{"id":1443,"date":"2024-01-02T08:02:32","date_gmt":"2024-01-02T07:02:32","guid":{"rendered":"https:\/\/kg-koblenz.gdpbundespolizeikoblenz.de\/?p=1443"},"modified":"2024-01-12T06:19:51","modified_gmt":"2024-01-12T05:19:51","slug":"grenzkontrollen-vom-unterschiedlichen-umgang-mit-kritik","status":"publish","type":"post","link":"https:\/\/kg-koblenz.gdpbundespolizeikoblenz.de\/?p=1443","title":{"rendered":"Grenzkontrollen &#8212; Vom unterschiedlichen Umgang mit Kritik &#8212;"},"content":{"rendered":"<p>Grenzkontrollen &#8212; Vom unterschiedlichen Umgang mit Kritik &#8211;&#013;<br \/>\nSeit Beginn der Grenzkontrollen engagiert sich die GdP f\u00fcr bessere Arbeitsbedingungen. Es ist bezeichnend, wie unterschiedlich F\u00fchrungskr\u00e4fte mit berechtigter Kritik an den Arbeitsbedingungen und mangelhafter Vorbereitung auf ein erwartbares Einsatzszenario umgehen&#8230;&#013;<br \/>\n<a href=\"https:\/\/www.gdp.de\/gdp\/gdpbupo.nsf\/ID\/DED2880A673B8579C1258A9800212B9E?Open\" target=\"_blank\" rel=\"noopener\">Grenzkontrollen &#8212; Vom unterschiedlichen Umgang mit Kritik &#8212;<\/a>&#013;<\/p>\n","protected":false},"excerpt":{"rendered":"<p>Grenzkontrollen &#8212; Vom unterschiedlichen Umgang mit Kritik &#8211;&#013; Seit Beginn der Grenzkontrollen engagiert sich die GdP f\u00fcr bessere Arbeitsbedingungen. Es ist bezeichnend, wie unterschiedlich F\u00fchrungskr\u00e4fte mit berechtigter Kritik an den Arbeitsbedingungen und mangelhafter Vorbereitung auf ein erwartbares Einsatzszenario umgehen&#8230;&#013; Grenzkontrollen <a class=\"more-link\" href=\"https:\/\/kg-koblenz.gdpbundespolizeikoblenz.de\/?p=1443\">Continue Reading<span class=\"screen-reader-text\">Grenzkontrollen &#8212; Vom unterschiedlichen Umgang mit Kritik &#8212;<\/span><span class=\"meta-nav\">&rarr;<\/span><\/a><\/p>\n","protected":false},"author":0,"featured_media":0,"comment_status":"false","ping_status":"closed","sticky":false,"template":"","format":"standard","meta":{"footnotes":""},"categories":[20],"tags":[19],"class_list":["post-1443","post","type-post","status-publish","format-standard","hentry","category-aktuell","tag-familienkalender"],"_links":{"self":[{"href":"https:\/\/kg-koblenz.gdpbundespolizeikoblenz.de\/index.php?rest_route=\/wp\/v2\/posts\/1443","targetHints":{"allow":["GET"]}}],"collection":[{"href":"https:\/\/kg-koblenz.gdpbundespolizeikoblenz.de\/index.php?rest_route=\/wp\/v2\/posts"}],"about":[{"href":"https:\/\/kg-koblenz.gdpbundespolizeikoblenz.de\/index.php?rest_route=\/wp\/v2\/types\/post"}],"replies":[{"embeddable":true,"href":"https:\/\/kg-koblenz.gdpbundespolizeikoblenz.de\/index.php?rest_route=%2Fwp%2Fv2%2Fcomments&post=1443"}],"version-history":[{"count":1,"href":"https:\/\/kg-koblenz.gdpbundespolizeikoblenz.de\/index.php?rest_route=\/wp\/v2\/posts\/1443\/revisions"}],"predecessor-version":[{"id":1444,"href":"https:\/\/kg-koblenz.gdpbundespolizeikoblenz.de\/index.php?rest_route=\/wp\/v2\/posts\/1443\/revisions\/1444"}],"wp:attachment":[{"href":"https:\/\/kg-koblenz.gdpbundespolizeikoblenz.de\/index.php?rest_route=%2Fwp%2Fv2%2Fmedia&parent=1443"}],"wp:term":[{"taxonomy":"category","embeddable":true,"href":"https:\/\/kg-koblenz.gdpbundespolizeikoblenz.de\/index.php?rest_route=%2Fwp%2Fv2%2Fcategories&post=1443"},{"taxonomy":"post_tag","embeddable":true,"href":"https:\/\/kg-koblenz.gdpbundespolizeikoblenz.de\/index.php?rest_route=%2Fwp%2Fv2%2Ftags&post=1443"}],"curies":[{"name":"wp","href":"https:\/\/api.w.org\/{rel}","templated":true}]}}