{"id":1435,"date":"2023-08-10T10:30:39","date_gmt":"2023-08-10T08:30:39","guid":{"rendered":"https:\/\/kg-koblenz.gdpbundespolizeikoblenz.de\/?p=1435"},"modified":"2023-08-11T18:55:54","modified_gmt":"2023-08-11T16:55:54","slug":"ein-fundamentales-ereignis-in-der-geschichte-der-deutschen-verfassung-murr-wichtige-weichenstellung-fuer-demokratische-polizeien-in-deutschland","status":"publish","type":"post","link":"https:\/\/kg-koblenz.gdpbundespolizeikoblenz.de\/?p=1435","title":{"rendered":"Ein fundamentales Ereignis in der Geschichte der deutschen Verfassung &#8212; Murr: Wichtige Weichenstellung f\u00fcr demokratische Polizeien in Deutschland &#8212;"},"content":{"rendered":"<p>Ein fundamentales Ereignis in der Geschichte der deutschen Verfassung &#8212; Murr: Wichtige Weichenstellung f\u00fcr demokratische Polizeien in Deutschland &#8211;&#013;<br \/>\nGdP-Bundeskassierer Clemens Murr vertrat die Gewerkschaft der Polizei (GdP) am 10. August auf der Festveranstaltung zu \u201e75 Jahre Verfassungskonvent auf Herrenchiemsee\u201c. Auf Einladung der Pr\u00e4sidentin des Bayerischen Landtages, Ilse Aigner, trafen sich auf der im Chiemsee gelegenen Insel zahlreiche hochrangige G\u00e4ste, um dieses in der politischen Geschichte Deutschlands bedeutende Ereignis zu w\u00fcrdigen. Ein Ereignis, dass sich auch wegbereitend auf die Bildung und Festigung demokratischer, f\u00f6deraler Strukturen der deutschen Polizeien auswirkte, betonte Murr. \u201eDieser Tag muss und soll uns nachhaltig daran erinnern, die demokratische Verfasstheit der Polizeien in der Bundesrepublik zu festigen, zu st\u00e4rken und zu verteidigen. Auf die Gewerkschaft der Polizei ist dabei Verlass\u201c, erkl\u00e4rte Murr.&#013;<br \/>\n<a href=\"https:\/\/www.gdp.de\/gdp\/gdp.nsf\/ID\/7A45D36FBE0941D3C1258A07002EBD16?Open\" target=\"_blank\" rel=\"noopener\">Ein fundamentales Ereignis in der Geschichte der deutschen Verfassung &#8212; Murr: Wichtige Weichenstellung f\u00fcr demokratische Polizeien in Deutschland &#8212;<\/a>&#013;<\/p>\n","protected":false},"excerpt":{"rendered":"<p>Ein fundamentales Ereignis in der Geschichte der deutschen Verfassung &#8212; Murr: Wichtige Weichenstellung f\u00fcr demokratische Polizeien in Deutschland &#8211;&#013; GdP-Bundeskassierer Clemens Murr vertrat die Gewerkschaft der Polizei (GdP) am 10. August auf der Festveranstaltung zu \u201e75 Jahre Verfassungskonvent auf Herrenchiemsee\u201c. <a class=\"more-link\" href=\"https:\/\/kg-koblenz.gdpbundespolizeikoblenz.de\/?p=1435\">Continue Reading<span class=\"screen-reader-text\">Ein fundamentales Ereignis in der Geschichte der deutschen Verfassung &#8212; Murr: Wichtige Weichenstellung f\u00fcr demokratische Polizeien in Deutschland &#8212;<\/span><span class=\"meta-nav\">&rarr;<\/span><\/a><\/p>\n","protected":false},"author":0,"featured_media":0,"comment_status":"false","ping_status":"closed","sticky":false,"template":"","format":"standard","meta":{"footnotes":""},"categories":[39],"tags":[19],"class_list":["post-1435","post","type-post","status-publish","format-standard","hentry","category-gdp-news","tag-familienkalender"],"_links":{"self":[{"href":"https:\/\/kg-koblenz.gdpbundespolizeikoblenz.de\/index.php?rest_route=\/wp\/v2\/posts\/1435","targetHints":{"allow":["GET"]}}],"collection":[{"href":"https:\/\/kg-koblenz.gdpbundespolizeikoblenz.de\/index.php?rest_route=\/wp\/v2\/posts"}],"about":[{"href":"https:\/\/kg-koblenz.gdpbundespolizeikoblenz.de\/index.php?rest_route=\/wp\/v2\/types\/post"}],"replies":[{"embeddable":true,"href":"https:\/\/kg-koblenz.gdpbundespolizeikoblenz.de\/index.php?rest_route=%2Fwp%2Fv2%2Fcomments&post=1435"}],"version-history":[{"count":1,"href":"https:\/\/kg-koblenz.gdpbundespolizeikoblenz.de\/index.php?rest_route=\/wp\/v2\/posts\/1435\/revisions"}],"predecessor-version":[{"id":1436,"href":"https:\/\/kg-koblenz.gdpbundespolizeikoblenz.de\/index.php?rest_route=\/wp\/v2\/posts\/1435\/revisions\/1436"}],"wp:attachment":[{"href":"https:\/\/kg-koblenz.gdpbundespolizeikoblenz.de\/index.php?rest_route=%2Fwp%2Fv2%2Fmedia&parent=1435"}],"wp:term":[{"taxonomy":"category","embeddable":true,"href":"https:\/\/kg-koblenz.gdpbundespolizeikoblenz.de\/index.php?rest_route=%2Fwp%2Fv2%2Fcategories&post=1435"},{"taxonomy":"post_tag","embeddable":true,"href":"https:\/\/kg-koblenz.gdpbundespolizeikoblenz.de\/index.php?rest_route=%2Fwp%2Fv2%2Ftags&post=1435"}],"curies":[{"name":"wp","href":"https:\/\/api.w.org\/{rel}","templated":true}]}}