{"id":1427,"date":"2023-08-03T11:56:27","date_gmt":"2023-08-03T09:56:27","guid":{"rendered":"https:\/\/kg-koblenz.gdpbundespolizeikoblenz.de\/?p=1427"},"modified":"2023-08-05T19:04:29","modified_gmt":"2023-08-05T17:04:29","slug":"gdp-fordert-deutlich-mehr-haushaltsmittel-fuer-praeventionsmassnahmen-bei-kinder-und-jugendkriminalitaet-kopelke-junge-menschen-erreichen-bevor-sie-taeter-werden","status":"publish","type":"post","link":"https:\/\/kg-koblenz.gdpbundespolizeikoblenz.de\/?p=1427","title":{"rendered":"GdP fordert deutlich mehr Haushaltsmittel f\u00fcr Pr\u00e4ventionsma\u00dfnahmen bei Kinder- und Jugendkriminalit\u00e4t &#8212; Kopelke: Junge Menschen erreichen, bevor sie T\u00e4ter werden &#8212;"},"content":{"rendered":"<p>GdP fordert deutlich mehr Haushaltsmittel f\u00fcr Pr\u00e4ventionsma\u00dfnahmen bei Kinder- und Jugendkriminalit\u00e4t &#8212; Kopelke: Junge Menschen erreichen, bevor sie T\u00e4ter werden &#8211;&#013;<br \/>\nAngesichts der in der Polizeilichen Kriminalstatistik f\u00fcr das Jahr 2022 dokumentierten Zunahme der Jugendkriminalit\u00e4t sowie Gewalttaten von Kindern und Jugendlichen fordert die Gewerkschaft der Polizei (GdP) die Bundesregierung auf, die Haushaltsmittel f\u00fcr die Kinder- und Jugendarbeit deutlich zu erh\u00f6hen. Momentan zeichneten sich jedoch massive K\u00fcrzungen ab, kritisierte der GdP-Bundesvorsitzende Jochen Kopelke am Donnerstag in Bremen. \u201eWenn an wichtiger Pr\u00e4ventionsarbeit gespart wird, laufen wir sehenden Auges auf weiter steigende Zahlen junger Straft\u00e4ter zu. Die Kinder und Jugendlichen m\u00fcssen erreicht werden, bevor sie T\u00e4ter werden und es zu Delikten, Opfern und Strafen kommt\u201c, unterstrich Kopelke.&#013;<br \/>\n<a href=\"https:\/\/www.gdp.de\/gdp\/gdp.nsf\/ID\/A48CF47E4FF629ACC1258A000036977A?Open\" target=\"_blank\" rel=\"noopener\">GdP fordert deutlich mehr Haushaltsmittel f\u00fcr Pr\u00e4ventionsma\u00dfnahmen bei Kinder- und Jugendkriminalit\u00e4t &#8212; Kopelke: Junge Menschen erreichen, bevor sie T\u00e4ter werden &#8212;<\/a>&#013;<\/p>\n","protected":false},"excerpt":{"rendered":"<p>GdP fordert deutlich mehr Haushaltsmittel f\u00fcr Pr\u00e4ventionsma\u00dfnahmen bei Kinder- und Jugendkriminalit\u00e4t &#8212; Kopelke: Junge Menschen erreichen, bevor sie T\u00e4ter werden &#8211;&#013; Angesichts der in der Polizeilichen Kriminalstatistik f\u00fcr das Jahr 2022 dokumentierten Zunahme der Jugendkriminalit\u00e4t sowie Gewalttaten von Kindern und <a class=\"more-link\" href=\"https:\/\/kg-koblenz.gdpbundespolizeikoblenz.de\/?p=1427\">Continue Reading<span class=\"screen-reader-text\">GdP fordert deutlich mehr Haushaltsmittel f\u00fcr Pr\u00e4ventionsma\u00dfnahmen bei Kinder- und Jugendkriminalit\u00e4t &#8212; Kopelke: Junge Menschen erreichen, bevor sie T\u00e4ter werden &#8212;<\/span><span class=\"meta-nav\">&rarr;<\/span><\/a><\/p>\n","protected":false},"author":0,"featured_media":0,"comment_status":"false","ping_status":"closed","sticky":false,"template":"","format":"standard","meta":{"footnotes":""},"categories":[39],"tags":[19],"class_list":["post-1427","post","type-post","status-publish","format-standard","hentry","category-gdp-news","tag-familienkalender"],"_links":{"self":[{"href":"https:\/\/kg-koblenz.gdpbundespolizeikoblenz.de\/index.php?rest_route=\/wp\/v2\/posts\/1427","targetHints":{"allow":["GET"]}}],"collection":[{"href":"https:\/\/kg-koblenz.gdpbundespolizeikoblenz.de\/index.php?rest_route=\/wp\/v2\/posts"}],"about":[{"href":"https:\/\/kg-koblenz.gdpbundespolizeikoblenz.de\/index.php?rest_route=\/wp\/v2\/types\/post"}],"replies":[{"embeddable":true,"href":"https:\/\/kg-koblenz.gdpbundespolizeikoblenz.de\/index.php?rest_route=%2Fwp%2Fv2%2Fcomments&post=1427"}],"version-history":[{"count":1,"href":"https:\/\/kg-koblenz.gdpbundespolizeikoblenz.de\/index.php?rest_route=\/wp\/v2\/posts\/1427\/revisions"}],"predecessor-version":[{"id":1428,"href":"https:\/\/kg-koblenz.gdpbundespolizeikoblenz.de\/index.php?rest_route=\/wp\/v2\/posts\/1427\/revisions\/1428"}],"wp:attachment":[{"href":"https:\/\/kg-koblenz.gdpbundespolizeikoblenz.de\/index.php?rest_route=%2Fwp%2Fv2%2Fmedia&parent=1427"}],"wp:term":[{"taxonomy":"category","embeddable":true,"href":"https:\/\/kg-koblenz.gdpbundespolizeikoblenz.de\/index.php?rest_route=%2Fwp%2Fv2%2Fcategories&post=1427"},{"taxonomy":"post_tag","embeddable":true,"href":"https:\/\/kg-koblenz.gdpbundespolizeikoblenz.de\/index.php?rest_route=%2Fwp%2Fv2%2Ftags&post=1427"}],"curies":[{"name":"wp","href":"https:\/\/api.w.org\/{rel}","templated":true}]}}