{"id":1215,"date":"2022-10-07T06:38:04","date_gmt":"2022-10-07T04:38:04","guid":{"rendered":"https:\/\/kg-koblenz.gdpbundespolizeikoblenz.de\/?p=1215"},"modified":"2022-10-19T19:19:58","modified_gmt":"2022-10-19T17:19:58","slug":"es-geht-um-geld-und-personal-gdp-im-gespraech-mit-haushaltspolitiker-martin-gerster","status":"publish","type":"post","link":"https:\/\/kg-koblenz.gdpbundespolizeikoblenz.de\/?p=1215","title":{"rendered":"Es geht um Geld und Personal! &#8212; GdP im Gespr\u00e4ch mit Haushaltspolitiker Martin Gerster &#8212;"},"content":{"rendered":"<p>Es geht um Geld und Personal! &#8212; GdP im Gespr\u00e4ch mit Haushaltspolitiker Martin Gerster &#8211;&#013;<br \/>\nIm parlamentarischen Verfahren der Haushaltsaufstellung ist es inzwischen selbstverst\u00e4ndlich, dass wir als Interessenvertreter der Bundespolizei zum Regierungsentwurf Stellung nehmen und Geh\u00f6r finden. Am 4. Oktober 2022 trafen sich Judith Hausknecht, Vorsitzende des Bezirkspersonalrates, und Sven H\u00fcber, Vorsitzender des Bundespolizeihauptpersonalrates (beide GdP), dazu mit Martin Gerster, dem Vorsitzenden des Rechnungspr\u00fcfungsausschusses des Deutschen Bundestages.&#013;<br \/>\n<a href=\"https:\/\/www.gdp.de\/gdp\/gdpbupo.nsf\/ID\/206813ED6B14402FC12588D400197239?Open\" target=\"_blank\" rel=\"noopener\">Es geht um Geld und Personal! &#8212; GdP im Gespr\u00e4ch mit Haushaltspolitiker Martin Gerster &#8212;<\/a>&#013;<\/p>\n","protected":false},"excerpt":{"rendered":"<p>Es geht um Geld und Personal! &#8212; GdP im Gespr\u00e4ch mit Haushaltspolitiker Martin Gerster &#8211;&#013; Im parlamentarischen Verfahren der Haushaltsaufstellung ist es inzwischen selbstverst\u00e4ndlich, dass wir als Interessenvertreter der Bundespolizei zum Regierungsentwurf Stellung nehmen und Geh\u00f6r finden. Am 4. Oktober <a class=\"more-link\" href=\"https:\/\/kg-koblenz.gdpbundespolizeikoblenz.de\/?p=1215\">Continue Reading<span class=\"screen-reader-text\">Es geht um Geld und Personal! &#8212; GdP im Gespr\u00e4ch mit Haushaltspolitiker Martin Gerster &#8212;<\/span><span class=\"meta-nav\">&rarr;<\/span><\/a><\/p>\n","protected":false},"author":0,"featured_media":0,"comment_status":"false","ping_status":"closed","sticky":false,"template":"","format":"standard","meta":{"footnotes":""},"categories":[20],"tags":[19],"class_list":["post-1215","post","type-post","status-publish","format-standard","hentry","category-aktuell","tag-familienkalender"],"_links":{"self":[{"href":"https:\/\/kg-koblenz.gdpbundespolizeikoblenz.de\/index.php?rest_route=\/wp\/v2\/posts\/1215","targetHints":{"allow":["GET"]}}],"collection":[{"href":"https:\/\/kg-koblenz.gdpbundespolizeikoblenz.de\/index.php?rest_route=\/wp\/v2\/posts"}],"about":[{"href":"https:\/\/kg-koblenz.gdpbundespolizeikoblenz.de\/index.php?rest_route=\/wp\/v2\/types\/post"}],"replies":[{"embeddable":true,"href":"https:\/\/kg-koblenz.gdpbundespolizeikoblenz.de\/index.php?rest_route=%2Fwp%2Fv2%2Fcomments&post=1215"}],"version-history":[{"count":1,"href":"https:\/\/kg-koblenz.gdpbundespolizeikoblenz.de\/index.php?rest_route=\/wp\/v2\/posts\/1215\/revisions"}],"predecessor-version":[{"id":1216,"href":"https:\/\/kg-koblenz.gdpbundespolizeikoblenz.de\/index.php?rest_route=\/wp\/v2\/posts\/1215\/revisions\/1216"}],"wp:attachment":[{"href":"https:\/\/kg-koblenz.gdpbundespolizeikoblenz.de\/index.php?rest_route=%2Fwp%2Fv2%2Fmedia&parent=1215"}],"wp:term":[{"taxonomy":"category","embeddable":true,"href":"https:\/\/kg-koblenz.gdpbundespolizeikoblenz.de\/index.php?rest_route=%2Fwp%2Fv2%2Fcategories&post=1215"},{"taxonomy":"post_tag","embeddable":true,"href":"https:\/\/kg-koblenz.gdpbundespolizeikoblenz.de\/index.php?rest_route=%2Fwp%2Fv2%2Ftags&post=1215"}],"curies":[{"name":"wp","href":"https:\/\/api.w.org\/{rel}","templated":true}]}}