{"id":1211,"date":"2022-10-12T11:57:36","date_gmt":"2022-10-12T09:57:36","guid":{"rendered":"https:\/\/kg-koblenz.gdpbundespolizeikoblenz.de\/?p=1211"},"modified":"2022-10-19T19:19:57","modified_gmt":"2022-10-19T17:19:57","slug":"wir-werden-gehoert-gdp-im-gespraech-mit-gruenen-innenpolitikern","status":"publish","type":"post","link":"https:\/\/kg-koblenz.gdpbundespolizeikoblenz.de\/?p=1211","title":{"rendered":"Wir werden geh\u00f6rt &#8212; GdP im Gespr\u00e4ch mit gr\u00fcnen Innenpolitikern &#8212;"},"content":{"rendered":"<p>Wir werden geh\u00f6rt &#8212; GdP im Gespr\u00e4ch mit gr\u00fcnen Innenpolitikern &#8211;&#013;<br \/>\nAm gestrigen Dienstag, 11. Oktober 2022, ist Andreas Ro\u00dfkopf, Vorsitzender des GdP-Bezirks Bundespolizei | Zoll der Einladung von Marcel Emmerich und Leon Eckert, beide Mitglieder des Innenausschusses des Deutschen Bundestags f\u00fcr die Fraktion B\u00fcndnis 90\/Die Gr\u00fcnen f\u00fcr einen ersten Austausch gefolgt.&#013;<br \/>\n<a href=\"https:\/\/www.gdp.de\/gdp\/gdpbupo.nsf\/ID\/93B5675B6CD90FDCC12588D90036ACED?Open\" target=\"_blank\" rel=\"noopener\">Wir werden geh\u00f6rt &#8212; GdP im Gespr\u00e4ch mit gr\u00fcnen Innenpolitikern &#8212;<\/a>&#013;<\/p>\n","protected":false},"excerpt":{"rendered":"<p>Wir werden geh\u00f6rt &#8212; GdP im Gespr\u00e4ch mit gr\u00fcnen Innenpolitikern &#8211;&#013; Am gestrigen Dienstag, 11. Oktober 2022, ist Andreas Ro\u00dfkopf, Vorsitzender des GdP-Bezirks Bundespolizei | Zoll der Einladung von Marcel Emmerich und Leon Eckert, beide Mitglieder des Innenausschusses des Deutschen <a class=\"more-link\" href=\"https:\/\/kg-koblenz.gdpbundespolizeikoblenz.de\/?p=1211\">Continue Reading<span class=\"screen-reader-text\">Wir werden geh\u00f6rt &#8212; GdP im Gespr\u00e4ch mit gr\u00fcnen Innenpolitikern &#8212;<\/span><span class=\"meta-nav\">&rarr;<\/span><\/a><\/p>\n","protected":false},"author":0,"featured_media":0,"comment_status":"false","ping_status":"closed","sticky":false,"template":"","format":"standard","meta":{"footnotes":""},"categories":[20],"tags":[19],"class_list":["post-1211","post","type-post","status-publish","format-standard","hentry","category-aktuell","tag-familienkalender"],"_links":{"self":[{"href":"https:\/\/kg-koblenz.gdpbundespolizeikoblenz.de\/index.php?rest_route=\/wp\/v2\/posts\/1211","targetHints":{"allow":["GET"]}}],"collection":[{"href":"https:\/\/kg-koblenz.gdpbundespolizeikoblenz.de\/index.php?rest_route=\/wp\/v2\/posts"}],"about":[{"href":"https:\/\/kg-koblenz.gdpbundespolizeikoblenz.de\/index.php?rest_route=\/wp\/v2\/types\/post"}],"replies":[{"embeddable":true,"href":"https:\/\/kg-koblenz.gdpbundespolizeikoblenz.de\/index.php?rest_route=%2Fwp%2Fv2%2Fcomments&post=1211"}],"version-history":[{"count":1,"href":"https:\/\/kg-koblenz.gdpbundespolizeikoblenz.de\/index.php?rest_route=\/wp\/v2\/posts\/1211\/revisions"}],"predecessor-version":[{"id":1212,"href":"https:\/\/kg-koblenz.gdpbundespolizeikoblenz.de\/index.php?rest_route=\/wp\/v2\/posts\/1211\/revisions\/1212"}],"wp:attachment":[{"href":"https:\/\/kg-koblenz.gdpbundespolizeikoblenz.de\/index.php?rest_route=%2Fwp%2Fv2%2Fmedia&parent=1211"}],"wp:term":[{"taxonomy":"category","embeddable":true,"href":"https:\/\/kg-koblenz.gdpbundespolizeikoblenz.de\/index.php?rest_route=%2Fwp%2Fv2%2Fcategories&post=1211"},{"taxonomy":"post_tag","embeddable":true,"href":"https:\/\/kg-koblenz.gdpbundespolizeikoblenz.de\/index.php?rest_route=%2Fwp%2Fv2%2Ftags&post=1211"}],"curies":[{"name":"wp","href":"https:\/\/api.w.org\/{rel}","templated":true}]}}