{"id":1089,"date":"2022-01-27T13:52:29","date_gmt":"2022-01-27T12:52:29","guid":{"rendered":"https:\/\/kg-koblenz.gdpbundespolizeikoblenz.de\/?p=1089"},"modified":"2022-02-12T06:10:39","modified_gmt":"2022-02-12T05:10:39","slug":"9-bundesseniorenkonferenz-der-gewerkschaft-der-polizei-ewald-gerk-zum-neuen-gdp-bundesseniorenvorsitzenden-gewaehlt","status":"publish","type":"post","link":"https:\/\/kg-koblenz.gdpbundespolizeikoblenz.de\/?p=1089","title":{"rendered":"9. Bundesseniorenkonferenz der Gewerkschaft der Polizei &#8212; Ewald Gerk zum neuen GdP-Bundesseniorenvorsitzenden gew\u00e4hlt &#8212;"},"content":{"rendered":"<p>9. Bundesseniorenkonferenz der Gewerkschaft der Polizei &#8212; Ewald Gerk zum neuen GdP-Bundesseniorenvorsitzenden gew\u00e4hlt &#8211;&#013;<br \/>\nEwald Gerk ist der neue Vorsitzende der Bundesseniorengruppe der Gewerkschaft der Polizei (GdP). Dem 65-j\u00e4hrigen Hessen wurde ein gro\u00dfer Vertrauensvorschuss der Delegierten der in hybrider Form stattfindenden 9. Bundesseniorenkonferenz zuteil. Gerk tritt die Nachfolge von Winfried Wahlig an, der den Gesch\u00e4ftsf\u00fchrenden GdP-Bundesseniorenvorstand (GBSV) acht Jahre anf\u00fchrte und f\u00fcr eine weitere Amtszeit nicht mehr zur Verf\u00fcgung stand. Der neue Bundesseniorenchef r\u00fcckt von der Stellvertreterfunktion an die Spitze der Personengruppe, die rund 35.000 lebens\u00e4ltere in der GdP organisierte Mitglieder vertritt.&#013;<br \/>\n<a href=\"https:\/\/www.gdp.de\/gdp\/gdp.nsf\/ID\/4AAA8A2A760529D4C12587D7004133C4?Open\" target=\"_blank\" rel=\"noopener\">9. Bundesseniorenkonferenz der Gewerkschaft der Polizei &#8212; Ewald Gerk zum neuen GdP-Bundesseniorenvorsitzenden gew\u00e4hlt &#8212;<\/a>&#013;<\/p>\n","protected":false},"excerpt":{"rendered":"<p>9. Bundesseniorenkonferenz der Gewerkschaft der Polizei &#8212; Ewald Gerk zum neuen GdP-Bundesseniorenvorsitzenden gew\u00e4hlt &#8211;&#013; Ewald Gerk ist der neue Vorsitzende der Bundesseniorengruppe der Gewerkschaft der Polizei (GdP). Dem 65-j\u00e4hrigen Hessen wurde ein gro\u00dfer Vertrauensvorschuss der Delegierten der in hybrider Form <a class=\"more-link\" href=\"https:\/\/kg-koblenz.gdpbundespolizeikoblenz.de\/?p=1089\">Continue Reading<span class=\"screen-reader-text\">9. Bundesseniorenkonferenz der Gewerkschaft der Polizei &#8212; Ewald Gerk zum neuen GdP-Bundesseniorenvorsitzenden gew\u00e4hlt &#8212;<\/span><span class=\"meta-nav\">&rarr;<\/span><\/a><\/p>\n","protected":false},"author":0,"featured_media":0,"comment_status":"false","ping_status":"closed","sticky":false,"template":"","format":"standard","meta":{"footnotes":""},"categories":[39],"tags":[19],"class_list":["post-1089","post","type-post","status-publish","format-standard","hentry","category-gdp-news","tag-familienkalender"],"_links":{"self":[{"href":"https:\/\/kg-koblenz.gdpbundespolizeikoblenz.de\/index.php?rest_route=\/wp\/v2\/posts\/1089","targetHints":{"allow":["GET"]}}],"collection":[{"href":"https:\/\/kg-koblenz.gdpbundespolizeikoblenz.de\/index.php?rest_route=\/wp\/v2\/posts"}],"about":[{"href":"https:\/\/kg-koblenz.gdpbundespolizeikoblenz.de\/index.php?rest_route=\/wp\/v2\/types\/post"}],"replies":[{"embeddable":true,"href":"https:\/\/kg-koblenz.gdpbundespolizeikoblenz.de\/index.php?rest_route=%2Fwp%2Fv2%2Fcomments&post=1089"}],"version-history":[{"count":1,"href":"https:\/\/kg-koblenz.gdpbundespolizeikoblenz.de\/index.php?rest_route=\/wp\/v2\/posts\/1089\/revisions"}],"predecessor-version":[{"id":1090,"href":"https:\/\/kg-koblenz.gdpbundespolizeikoblenz.de\/index.php?rest_route=\/wp\/v2\/posts\/1089\/revisions\/1090"}],"wp:attachment":[{"href":"https:\/\/kg-koblenz.gdpbundespolizeikoblenz.de\/index.php?rest_route=%2Fwp%2Fv2%2Fmedia&parent=1089"}],"wp:term":[{"taxonomy":"category","embeddable":true,"href":"https:\/\/kg-koblenz.gdpbundespolizeikoblenz.de\/index.php?rest_route=%2Fwp%2Fv2%2Fcategories&post=1089"},{"taxonomy":"post_tag","embeddable":true,"href":"https:\/\/kg-koblenz.gdpbundespolizeikoblenz.de\/index.php?rest_route=%2Fwp%2Fv2%2Ftags&post=1089"}],"curies":[{"name":"wp","href":"https:\/\/api.w.org\/{rel}","templated":true}]}}